{"id":9856,"date":"2023-09-29T12:37:59","date_gmt":"2023-09-29T10:37:59","guid":{"rendered":"https:\/\/www.a-lepicerie.com\/?p=9856"},"modified":"2023-11-21T12:17:47","modified_gmt":"2023-11-21T11:17:47","slug":"the-history-of-a-grocery-10","status":"publish","type":"post","link":"https:\/\/www.a-lepicerie.com\/en\/a-lepicerie-chartres-soiree-dinauguration\/","title":{"rendered":"\"A l'Epicerie\" Chartres - Inauguration evening"},"content":{"rendered":"<div data-elementor-type=\"wp-post\" data-elementor-id=\"9856\" class=\"elementor elementor-9856\" data-elementor-post-type=\"post\">\n\t\t\t\t\t\t<section class=\"elementor-section elementor-top-section elementor-element elementor-element-3fb3f9fb elementor-section-boxed elementor-section-height-default elementor-section-height-default qodef-elementor-content-no\" data-id=\"3fb3f9fb\" data-element_type=\"section\" data-e-type=\"section\">\n\t\t\t\t\t\t<div class=\"elementor-container elementor-column-gap-default\">\n\t\t\t\t\t<div class=\"elementor-column elementor-col-100 elementor-top-column elementor-element elementor-element-7c4d85d3\" data-id=\"7c4d85d3\" data-element_type=\"column\" data-e-type=\"column\">\n\t\t\t<div class=\"elementor-widget-wrap elementor-element-populated\">\n\t\t\t\t\t\t<section class=\"elementor-section elementor-inner-section elementor-element elementor-element-9e5f9be elementor-section-boxed elementor-section-height-default elementor-section-height-default qodef-elementor-content-no\" data-id=\"9e5f9be\" data-element_type=\"section\" data-e-type=\"section\">\n\t\t\t\t\t\t<div class=\"elementor-container elementor-column-gap-default\">\n\t\t\t\t\t<div class=\"elementor-column elementor-col-50 elementor-inner-column elementor-element elementor-element-56b9a7f\" data-id=\"56b9a7f\" data-element_type=\"column\" data-e-type=\"column\">\n\t\t\t<div class=\"elementor-widget-wrap elementor-element-populated\">\n\t\t\t\t\t\t<div class=\"elementor-element elementor-element-c691857 elementor-widget elementor-widget-text-editor\" data-id=\"c691857\" data-element_type=\"widget\" data-e-type=\"widget\" data-widget_type=\"text-editor.default\">\n\t\t\t\t<div class=\"elementor-widget-container\">\n\t\t\t\t\t\t\t\t\t<p><\/p>\n<p><strong>A new look for Novotel Chartres and its restaurant \"A l'Epicerie\" Chartres from summer 2023!<\/strong><\/p>\n<p>We had the pleasure of organising an \"A l'Epicerie\" evening on 28 September 2023 to celebrate the recent renovations and inaugurate the new living spaces at the Chartres address.<\/p>\n<p>This memorable event gave customers and partners of the restaurant bar boutique \"A l'Epicerie\" Chartres and Novotel Chartres the opportunity to discover the changes while expressing our gratitude to the team and our suppliers for their remarkable makeover work.<\/p>\n<p><br \/><br \/><\/p>\n<p><\/p>\t\t\t\t\t\t\t\t<\/div>\n\t\t\t\t<\/div>\n\t\t\t\t\t<\/div>\n\t\t<\/div>\n\t\t\t\t<div class=\"elementor-column elementor-col-50 elementor-inner-column elementor-element elementor-element-46aa9bb\" data-id=\"46aa9bb\" data-element_type=\"column\" data-e-type=\"column\">\n\t\t\t<div class=\"elementor-widget-wrap elementor-element-populated\">\n\t\t\t\t\t\t<div class=\"elementor-element elementor-element-3f810999 elementor-widget elementor-widget-text-editor\" data-id=\"3f810999\" data-element_type=\"widget\" data-e-type=\"widget\" data-widget_type=\"text-editor.default\">\n\t\t\t\t<div class=\"elementor-widget-container\">\n\t\t\t\t\t\t\t\t\t<p><\/p>\n<p><strong>Chlotilde Floret, a talented DJ,<\/strong> brought the evening to a brilliant close. <strong>Our Michelin-starred ambassador Julien Allano and the executive chef of \"A l'Epicerie\" will also be on hand.<\/strong> Together, they put on a show of delicious dishes such as raclettes, giant cheese bell dishes, minute meals and much more. Videos and 360-degree photos, as well as a fun workshop and a beautiful memory box rounded off this exceptional evening!<\/p>\n<p><strong>We would like to extend our warmest thanks to the guests of \"A l'Epicerie\" and Novotel Chartres<\/strong> for their good humour and conviviality, which made this inauguration evening unforgettable.<\/p>\n<p><\/p>\t\t\t\t\t\t\t\t<\/div>\n\t\t\t\t<\/div>\n\t\t\t\t\t<\/div>\n\t\t<\/div>\n\t\t\t\t\t<\/div>\n\t\t<\/section>\n\t\t\t\t\t<\/div>\n\t\t<\/div>\n\t\t\t\t\t<\/div>\n\t\t<\/section>\n\t\t\t\t<\/div>","protected":false},"excerpt":{"rendered":"<p>Nouveau Look pour Novotel Chartres et son restaurant \u201cA l&rsquo;Epicerie\u201d Chartres depuis l\u2019\u00e9t\u00e9 2023 !\u2028 Nous avons eu le plaisir d&rsquo;organiser une soir\u00e9e \u00ab\u00a0A l&rsquo;Epicerie\u00a0\u00bb le 28 septembre 2023 pour c\u00e9l\u00e9brer les r\u00e9novations r\u00e9centes et inaugurer les nouveaux espaces de vie de l&rsquo;adresse de Chartres. Cet \u00e9v\u00e9nement m\u00e9morable a permis aux clients et partenaires du [&hellip;]<\/p>\n","protected":false},"author":9,"featured_media":9874,"comment_status":"closed","ping_status":"closed","sticky":false,"template":"","format":"standard","meta":{"inline_featured_image":false,"footnotes":""},"categories":[1],"tags":[],"class_list":["post-9856","post","type-post","status-publish","format-standard","has-post-thumbnail","hentry","category-non-classe"],"_links":{"self":[{"href":"https:\/\/www.a-lepicerie.com\/en\/wp-json\/wp\/v2\/posts\/9856","targetHints":{"allow":["GET"]}}],"collection":[{"href":"https:\/\/www.a-lepicerie.com\/en\/wp-json\/wp\/v2\/posts"}],"about":[{"href":"https:\/\/www.a-lepicerie.com\/en\/wp-json\/wp\/v2\/types\/post"}],"author":[{"embeddable":true,"href":"https:\/\/www.a-lepicerie.com\/en\/wp-json\/wp\/v2\/users\/9"}],"replies":[{"embeddable":true,"href":"https:\/\/www.a-lepicerie.com\/en\/wp-json\/wp\/v2\/comments?post=9856"}],"version-history":[{"count":6,"href":"https:\/\/www.a-lepicerie.com\/en\/wp-json\/wp\/v2\/posts\/9856\/revisions"}],"predecessor-version":[{"id":9863,"href":"https:\/\/www.a-lepicerie.com\/en\/wp-json\/wp\/v2\/posts\/9856\/revisions\/9863"}],"wp:featuredmedia":[{"embeddable":true,"href":"https:\/\/www.a-lepicerie.com\/en\/wp-json\/wp\/v2\/media\/9874"}],"wp:attachment":[{"href":"https:\/\/www.a-lepicerie.com\/en\/wp-json\/wp\/v2\/media?parent=9856"}],"wp:term":[{"taxonomy":"category","embeddable":true,"href":"https:\/\/www.a-lepicerie.com\/en\/wp-json\/wp\/v2\/categories?post=9856"},{"taxonomy":"post_tag","embeddable":true,"href":"https:\/\/www.a-lepicerie.com\/en\/wp-json\/wp\/v2\/tags?post=9856"}],"curies":[{"name":"wp","href":"https:\/\/api.w.org\/{rel}","templated":true}]}}